{"id":3617,"date":"2025-07-29T08:31:19","date_gmt":"2025-07-29T06:31:19","guid":{"rendered":"http:\/\/mentiassociate.com\/?p=3617"},"modified":"2026-04-08T10:28:26","modified_gmt":"2026-04-08T08:28:26","slug":"la-sera-dei-miracoli","status":"publish","type":"post","link":"https:\/\/mentiassociate.com\/index.php\/2025\/07\/29\/la-sera-dei-miracoli\/","title":{"rendered":"La sera dei miracoli"},"content":{"rendered":"\t\t<div data-elementor-type=\"wp-post\" data-elementor-id=\"3617\" class=\"elementor elementor-3617\">\n\t\t\t\t<div class=\"elementor-element elementor-element-3c03286a e-flex e-con-boxed e-con e-parent\" data-id=\"3c03286a\" data-element_type=\"container\">\n\t\t\t\t\t<div class=\"e-con-inner\">\n\t\t\t\t<div class=\"elementor-element elementor-element-3600aa5e elementor-widget elementor-widget-text-editor\" data-id=\"3600aa5e\" data-element_type=\"widget\" data-widget_type=\"text-editor.default\">\n\t\t\t\t<div class=\"elementor-widget-container\">\n\t\t\t\t\t\t\t\t\t<p><strong>LA SERA DEI MIRACOLI<\/strong><br \/><strong>OMAGGIO A LUCIO DALLA<\/strong><\/p><p>Reduce dal primo tour teatrale che ha registrato sold out in ogni data e ospitando in alcuni casi anche Ricky Portera (storico chitarrista di Dalla e co-fondatore degli Stadio) La Sera dei Miracoli, il grande omaggio al Lucio Dalla, si afferma come il tributo pi\u00f9 autorevole in circolazione.<\/p><p>Uno spettacolo speciale per rivivere la storia musicale di uno dei pi\u00f9 grandi autori del nostro secolo con la produzione di Good Vibrations Entertainment, nota anche tra le altre cose per lo spettacolo \u201cCanto Libero\u201d dedicato a Battisti &amp; Mogol. Con un repertorio che spazia da &#8220;4 marzo 1943&#8221; a &#8220;Come \u00e8 profondo il mare&#8221;, passando per &#8220;L\u2019anno che verr\u00e0&#8221;, &#8220;Caruso&#8221; e tante altre, interpretato dalla voce potente di Lorenzo Campani che \u00e8 il cuore pulsante dello spettacolo. Gi\u00e0 noto per il suo ruolo in \u201cNotre Dame de Paris\u201d di Riccardo Cocciante e per la sua partecipazione a \u201cThe Voice of Italy\u201d, ha collaborato con artisti del calibro di Ligabue e Vasco Rossi, dimostrando una versatilit\u00e0 e una presenza scenica eccezionali. Campani (voce) sar\u00e0 affiancato da una band di musicisti di prim&#8217;ordine: Luigi Buggio (direzione artistica e tastiere), Marco Vattovani (batteria), Alessandro Leonzini (basso), Marco Locatelli e Ivan Geronazzo (chitarre). Questi talentuosi musicisti offriranno una serata emozionante, arricchita da una scenografia suggestiva e da un avvincente e curato show di luci.<\/p><p>Lucio Dalla \u00e8 stato un cantautore, musicista e attore di straordinario talento, nato a Bologna il 4 marzo 1943, con le sue canzoni, caratterizzate da testi poetici e melodie avvolgenti, ha raccontato storie di vita quotidiana e temi universali, conquistando il cuore di diverse generazioni. Con successi come &#8220;Futura&#8221;, &#8220;Attenti al lupo&#8221; e &#8220;Piazza Grande&#8221;, ha saputo innovare e sperimentare, lasciando un&#8217;eredit\u00e0 musicale inestimabile che continua a ispirare artisti e appassionati di musica in tutto il mondo; brani sempre attuali e commoventi, che ora avremo modo di riascoltare dal vivo in un evento memorabile.<\/p><p><strong>\u201cLa musica \u00e8 l\u2019unica cosa che ha un senso compiuto e logico. \u00c8 come una formula matematica\u201d <\/strong>Lucio Dalla<\/p>\t\t\t\t\t\t\t\t<\/div>\n\t\t\t\t<\/div>\n\t\t\t\t\t<\/div>\n\t\t\t\t<\/div>\n\t\t<div class=\"elementor-element elementor-element-07f12d1 e-flex e-con-boxed e-con e-parent\" data-id=\"07f12d1\" data-element_type=\"container\">\n\t\t\t\t\t<div class=\"e-con-inner\">\n\t\t\t\t<div class=\"elementor-element elementor-element-59dd70d elementor-widget elementor-widget-image\" data-id=\"59dd70d\" data-element_type=\"widget\" data-widget_type=\"image.default\">\n\t\t\t\t<div class=\"elementor-widget-container\">\n\t\t\t\t\t\t\t\t\t\t\t\t\t\t\t<img fetchpriority=\"high\" decoding=\"async\" width=\"525\" height=\"419\" src=\"https:\/\/mentiassociate.com\/wp-content\/uploads\/2025\/07\/lucio-2-1024x817.jpg\" class=\"attachment-large size-large wp-image-3707\" alt=\"\" srcset=\"https:\/\/mentiassociate.com\/wp-content\/uploads\/2025\/07\/lucio-2-1024x817.jpg 1024w, https:\/\/mentiassociate.com\/wp-content\/uploads\/2025\/07\/lucio-2-300x239.jpg 300w, https:\/\/mentiassociate.com\/wp-content\/uploads\/2025\/07\/lucio-2-768x613.jpg 768w, https:\/\/mentiassociate.com\/wp-content\/uploads\/2025\/07\/lucio-2-1536x1226.jpg 1536w, https:\/\/mentiassociate.com\/wp-content\/uploads\/2025\/07\/lucio-2-600x479.jpg 600w, https:\/\/mentiassociate.com\/wp-content\/uploads\/2025\/07\/lucio-2.jpg 2048w\" sizes=\"(max-width: 525px) 100vw, 525px\" \/>\t\t\t\t\t\t\t\t\t\t\t\t\t\t\t<\/div>\n\t\t\t\t<\/div>\n\t\t\t\t\t<\/div>\n\t\t\t\t<\/div>\n\t\t<div class=\"elementor-element elementor-element-b3e9594 e-flex e-con-boxed e-con e-parent\" data-id=\"b3e9594\" data-element_type=\"container\">\n\t\t\t\t\t<div class=\"e-con-inner\">\n\t\t\t\t<div class=\"elementor-element elementor-element-1121b05 elementor-widget elementor-widget-video\" data-id=\"1121b05\" data-element_type=\"widget\" data-settings=\"{&quot;youtube_url&quot;:&quot;https:\\\/\\\/www.youtube.com\\\/watch?v=a2Yjvsr3jSg&quot;,&quot;video_type&quot;:&quot;youtube&quot;,&quot;controls&quot;:&quot;yes&quot;}\" data-widget_type=\"video.default\">\n\t\t\t\t<div class=\"elementor-widget-container\">\n\t\t\t\t\t\t\t<div class=\"elementor-wrapper elementor-open-inline\">\n\t\t\t<div class=\"elementor-video\"><\/div>\t\t<\/div>\n\t\t\t\t\t\t<\/div>\n\t\t\t\t<\/div>\n\t\t\t\t\t<\/div>\n\t\t\t\t<\/div>\n\t\t\t\t<\/div>\n\t\t","protected":false},"excerpt":{"rendered":"<p>LA SERA DEI MIRACOLIOMAGGIO A LUCIO DALLA Reduce dal primo tour teatrale che ha registrato sold out in ogni data e ospitando in alcuni casi anche Ricky Portera (storico chitarrista di Dalla e co-fondatore degli Stadio) La Sera dei Miracoli, il grande omaggio al Lucio Dalla, si afferma come il tributo pi\u00f9 autorevole in circolazione. [&hellip;]<\/p>\n","protected":false},"author":4,"featured_media":4575,"comment_status":"closed","ping_status":"closed","sticky":false,"template":"","format":"standard","meta":{"footnotes":""},"categories":[75],"tags":[],"class_list":["post-3617","post","type-post","status-publish","format-standard","has-post-thumbnail","hentry","category-collaborazioni"],"_links":{"self":[{"href":"https:\/\/mentiassociate.com\/index.php\/wp-json\/wp\/v2\/posts\/3617","targetHints":{"allow":["GET"]}}],"collection":[{"href":"https:\/\/mentiassociate.com\/index.php\/wp-json\/wp\/v2\/posts"}],"about":[{"href":"https:\/\/mentiassociate.com\/index.php\/wp-json\/wp\/v2\/types\/post"}],"author":[{"embeddable":true,"href":"https:\/\/mentiassociate.com\/index.php\/wp-json\/wp\/v2\/users\/4"}],"replies":[{"embeddable":true,"href":"https:\/\/mentiassociate.com\/index.php\/wp-json\/wp\/v2\/comments?post=3617"}],"version-history":[{"count":37,"href":"https:\/\/mentiassociate.com\/index.php\/wp-json\/wp\/v2\/posts\/3617\/revisions"}],"predecessor-version":[{"id":7000,"href":"https:\/\/mentiassociate.com\/index.php\/wp-json\/wp\/v2\/posts\/3617\/revisions\/7000"}],"wp:featuredmedia":[{"embeddable":true,"href":"https:\/\/mentiassociate.com\/index.php\/wp-json\/wp\/v2\/media\/4575"}],"wp:attachment":[{"href":"https:\/\/mentiassociate.com\/index.php\/wp-json\/wp\/v2\/media?parent=3617"}],"wp:term":[{"taxonomy":"category","embeddable":true,"href":"https:\/\/mentiassociate.com\/index.php\/wp-json\/wp\/v2\/categories?post=3617"},{"taxonomy":"post_tag","embeddable":true,"href":"https:\/\/mentiassociate.com\/index.php\/wp-json\/wp\/v2\/tags?post=3617"}],"curies":[{"name":"wp","href":"https:\/\/api.w.org\/{rel}","templated":true}]}}